{"id":166680,"date":"2024-12-12T07:33:00","date_gmt":"2024-12-12T06:33:00","guid":{"rendered":"https:\/\/www.avanet.com\/?p=166680"},"modified":"2025-05-01T15:27:23","modified_gmt":"2025-05-01T14:27:23","slug":"12-ans-avanet","status":"publish","type":"post","link":"https:\/\/www.avanet.com\/fr\/blog\/12-ans-avanet\/","title":{"rendered":"L&rsquo;Avanet f\u00eate ses 12 ans &#8211; Un grand merci !"},"content":{"rendered":"\n<p>Le 12 d\u00e9cembre 2024, Avanet AG aura exactement douze ans. Fond\u00e9s en 2012, nous avons depuis franchi de nombreuses \u00e9tapes, relev\u00e9 des d\u00e9fis et \u00e9volu\u00e9 en permanence. Notre <a href=\"\">dernier article de blog sur notre<\/a> anniversaire remonte d\u00e9j\u00e0 \u00e0 sept ans, lorsque nous avons f\u00eat\u00e9 nos cinq ans d&rsquo;existence. Mais nous profitons de cette date particuli\u00e8re pour faire une pause et, surtout, pour dire merci : Dire merci.   <\/p>\n\n<h2 class=\"wp-block-heading\">R\u00e9trospective des 12 ans d&rsquo;Avanet AG<\/h2>\n\n<p>Il s&rsquo;est pass\u00e9 beaucoup de choses depuis notre cr\u00e9ation. Notre blog est devenu une partie int\u00e9grante de notre travail, dans lequel nous partageons nos opinions et rendons compte des nouveaut\u00e9s concernant les produits Sophos. Nous utilisons les produits de l&rsquo;entreprise avec conviction et plaisir chez nos clients et sommes tr\u00e8s satisfaits de la plupart des solutions.  <\/p>\n\n<p>Mais comme c&rsquo;est le cas dans la vie et dans l&rsquo;industrie technologique, rien n&rsquo;est jamais pareil. Cette ann\u00e9e, nous avons chang\u00e9 d&rsquo;avis : Dans deux gammes de produits &#8211; les commutateurs et Access Points &#8211; nous allons changer d&rsquo;orientation \u00e0 l&rsquo;avenir. Nous vous en dirons plus dans un article s\u00e9par\u00e9. Mais aujourd&rsquo;hui, nous souhaitons mettre l&rsquo;accent sur autre chose.   <\/p>\n\n<h2 class=\"wp-block-heading\">Merci \u00e0 nos clients<\/h2>\n\n<p>Notre plus grande gratitude va \u00e0 nos clients. Qu&rsquo;ils travaillent avec nous depuis de nombreuses ann\u00e9es ou qu&rsquo;ils nous aient rejoints r\u00e9cemment : La confiance est tout pour nous. La loyaut\u00e9 ne va pas de soi pour nous, et nous appr\u00e9cions \u00e9norm\u00e9ment que l&rsquo;on compte sur notre expertise.  <\/p>\n\n<p>Nous tenons \u00e0 remercier tout particuli\u00e8rement nos clients de longue date, qui nous accompagnent depuis des ann\u00e9es et nous permettent de grandir ensemble. Mais aussi \u00e0 tous les nouveaux clients qui nous font confiance : merci de nous donner la chance d&rsquo;\u00eatre un partenaire. Votre fid\u00e9lit\u00e9 et vos commentaires nous poussent \u00e0 nous am\u00e9liorer chaque jour.<\/p>\n\n<h2 class=\"wp-block-heading\">Regarder vers l&rsquo;avenir : 2025 et au-del\u00e0<\/h2>\n\n<p>L&rsquo;ann\u00e9e 2025 \u00e0 venir sera pour nous une ann\u00e9e de changements &#8211; et nous sommes pleins d&rsquo;enthousiasme. En coulisses, nous travaillons depuis longtemps sur certaines nouveaut\u00e9s que nous pourrons pr\u00e9senter dans les prochains mois. Comme c&rsquo;est souvent le cas, le d\u00e9veloppement prend plus de temps qu&rsquo;on ne le souhaiterait, mais nous sommes confiants dans le fait que cela en vaut la peine. D\u00e8s que nous pourrons en dire plus, nous vous en informerons bien s\u00fbr.   <\/p>\n\n<h2 class=\"wp-block-heading\">Quelques mots de conclusion<\/h2>\n\n<p>Pour conclure, nous souhaitons vous remercier une nouvelle fois pour votre soutien, vos suggestions et votre confiance. Si vous avez des commentaires, des suggestions ou simplement quelques mots aimables \u00e0 nous dire, nous serons toujours ravis de vous entendre.<\/p>\n\n<p>En attendant, nous vous souhaitons un joyeux No\u00ebl, des f\u00eates d\u00e9tendues et un bon d\u00e9but d&rsquo;ann\u00e9e. Notre blog fait une petite pause, \u00e0 l&rsquo;exception d&rsquo;un nouveau billet, avant de reprendre avec des sujets plus frais. <\/p>\n\n<p>Votre \u00e9quipe Avanet<\/p>\n","protected":false},"excerpt":{"rendered":"<p>Le 12 d\u00e9cembre 2024, Avanet AG aura exactement douze ans. Fond\u00e9s en 2012, nous avons depuis franchi de nombreuses \u00e9tapes, relev\u00e9 des d\u00e9fis et \u00e9volu\u00e9 en permanence. Notre dernier article de blog sur notre anniversaire remonte d\u00e9j\u00e0 \u00e0 sept ans, lorsque nous avons f\u00eat\u00e9 nos cinq ans d&rsquo;existence. Mais nous profitons de cette date particuli\u00e8re [&hellip;]<\/p>\n","protected":false},"author":4,"featured_media":166714,"comment_status":"closed","ping_status":"closed","sticky":false,"template":"","format":"standard","meta":{"_acf_changed":false,"footnotes":""},"categories":[371],"tags":[],"class_list":["post-166680","post","type-post","status-publish","format-standard","has-post-thumbnail","hentry","category-non-classifiee"],"blocksy_meta":[],"acf":[],"_links":{"self":[{"href":"https:\/\/www.avanet.com\/fr\/wp-json\/wp\/v2\/posts\/166680","targetHints":{"allow":["GET"]}}],"collection":[{"href":"https:\/\/www.avanet.com\/fr\/wp-json\/wp\/v2\/posts"}],"about":[{"href":"https:\/\/www.avanet.com\/fr\/wp-json\/wp\/v2\/types\/post"}],"author":[{"embeddable":true,"href":"https:\/\/www.avanet.com\/fr\/wp-json\/wp\/v2\/users\/4"}],"replies":[{"embeddable":true,"href":"https:\/\/www.avanet.com\/fr\/wp-json\/wp\/v2\/comments?post=166680"}],"version-history":[{"count":0,"href":"https:\/\/www.avanet.com\/fr\/wp-json\/wp\/v2\/posts\/166680\/revisions"}],"wp:featuredmedia":[{"embeddable":true,"href":"https:\/\/www.avanet.com\/fr\/wp-json\/wp\/v2\/media\/166714"}],"wp:attachment":[{"href":"https:\/\/www.avanet.com\/fr\/wp-json\/wp\/v2\/media?parent=166680"}],"wp:term":[{"taxonomy":"category","embeddable":true,"href":"https:\/\/www.avanet.com\/fr\/wp-json\/wp\/v2\/categories?post=166680"},{"taxonomy":"post_tag","embeddable":true,"href":"https:\/\/www.avanet.com\/fr\/wp-json\/wp\/v2\/tags?post=166680"}],"curies":[{"name":"wp","href":"https:\/\/api.w.org\/{rel}","templated":true}]}}